{"id":1049,"date":"2018-10-05T12:28:31","date_gmt":"2018-10-05T10:28:31","guid":{"rendered":"https:\/\/opusvocale.de\/?p=1049"},"modified":"2020-01-05T22:40:44","modified_gmt":"2020-01-05T21:40:44","slug":"opus-vocale-a-cappella","status":"publish","type":"post","link":"https:\/\/opusvocale.de\/?p=1049","title":{"rendered":"OPUS VOCALE &#8211; a cappella"},"content":{"rendered":"<p>10. November 2018 \u2022 19 Uhr \u2022 Zionskirche<br \/>\n11. November 2018 \u2022 18 Uhr \u2022 Gustav-Adolf-Kirche<\/p>\n<hr>\n<h1>de profundis<\/h1>\n<h3>Arvo P\u00e4rt &#8211; <b><i>De profundis<br \/>\n<\/i>Peter Gotthardt &#8211; <i>Aus der Tiefe ruf\u2018 ich<\/i><\/b><br \/>\nHenry Purcell\/Sven David Sandstr\u00f6m &#8211; <b><i>Hear my prayer, o Lord<\/i><\/b><br \/>\nFelix Mendelssohn Bartholdy &#8211; <b><i>Aus tiefer Not schrei ich zu Dir<\/i><\/b><\/h3>\n<h3>+++<\/h3>\n<h3>Francis Poulenc &#8211; <b><i>Messe in G-Dur<\/i><\/b><\/h3>\n<p>&nbsp;<\/p>\n<p><a href=\"https:\/\/opusvocale.de\/?page_id=2\"><strong>OPUS VOCALE<\/strong><\/a><\/p>\n<p><a href=\"https:\/\/opusvocale.de\/?page_id=20\"><strong>Volker Hedtfeld <\/strong><\/a><em>Dirigent<\/em><\/p>\n<p>Karten: im VVK 12,- (erm. 8,- \u00b9) Euro<br \/>\nan der AK 14,- (erm. 9,- \u00b9) Euro<\/p>\n<p>\u00b7 online kaufen:<span style=\"color: #000000;\"><br \/>\n\u2192 <a href=\"https:\/\/www.eventim-light.com\/de\/a\/58304a4ce4b055995087867f\/e\/5bb5e1fb41ebd5000172ae1e?lang=de\">Zionskirche (10.11.)<\/a><br \/>\n\u2192 <a href=\"https:\/\/www.eventim-light.com\/de\/a\/58304a4ce4b055995087867f\/e\/5bb5e52f7869f30001c443cb?lang=de\">Gustav-Adolf-Kirche (11.11.)<\/a><br \/>\n<\/span>\u00b7 per eMail bestellen unter <a href=\"mailto:reservierungen@opusvocale.de\">reservierungen@opusvocale.de<\/a><br \/>\n\u00b7 am Konzertabend an der jeweiligen Abendkasse<\/p>\n<p><a href=\"https:\/\/gemeinde-am-weinberg.de\/veranstaltungsort\/zionskirche\/\">Zionskirche<\/a> \u2022 Zionskirchplatz, 10119 Berlin<br \/>\n<a href=\"https:\/\/www.gustav-adolf-gemeinde.de\/besondere-veranstaltungen\">Gustav-Adolf-Kirche<\/a> \u2022 Herschelstra\u00dfe 14, 10589 Berlin<\/p>\n<p>&nbsp;<\/p>\n<p><em>\u00b9 Erm\u00e4\u00dfigte Preise gelten f\u00fcr Sch\u00fcler, Studierende, Arbeitslose und Schwerbehinderte,<\/em><br \/>\n<em>Kinder unter 13 Jahren haben&nbsp; freien Eintritt<\/em><\/p>\n","protected":false},"excerpt":{"rendered":"<p>10. November 2018 \u2022 19 Uhr \u2022 Zionskirche 11. November 2018 \u2022 18 Uhr \u2022 Gustav-Adolf-Kirche de profundis Arvo P\u00e4rt &#8211; De profundis Peter Gotthardt &#8211; Aus der Tiefe ruf\u2018 ich Henry Purcell\/Sven David Sandstr\u00f6m &#8211; Hear my prayer, o Lord Felix Mendelssohn Bartholdy &#8211; Aus tiefer Not schrei ich zu Dir +++ Francis Poulenc [&hellip;]<\/p>\n","protected":false},"author":1,"featured_media":1050,"comment_status":"closed","ping_status":"closed","sticky":false,"template":"","format":"standard","meta":{"footnotes":""},"categories":[39],"tags":[19,58,59,54],"class_list":["post-1049","post","type-post","status-publish","format-standard","has-post-thumbnail","hentry","category-konzertarchiv","tag-konzert","tag-mendelssohn","tag-paert","tag-poulenc"],"_links":{"self":[{"href":"https:\/\/opusvocale.de\/index.php?rest_route=\/wp\/v2\/posts\/1049","targetHints":{"allow":["GET"]}}],"collection":[{"href":"https:\/\/opusvocale.de\/index.php?rest_route=\/wp\/v2\/posts"}],"about":[{"href":"https:\/\/opusvocale.de\/index.php?rest_route=\/wp\/v2\/types\/post"}],"author":[{"embeddable":true,"href":"https:\/\/opusvocale.de\/index.php?rest_route=\/wp\/v2\/users\/1"}],"replies":[{"embeddable":true,"href":"https:\/\/opusvocale.de\/index.php?rest_route=%2Fwp%2Fv2%2Fcomments&post=1049"}],"version-history":[{"count":10,"href":"https:\/\/opusvocale.de\/index.php?rest_route=\/wp\/v2\/posts\/1049\/revisions"}],"predecessor-version":[{"id":1164,"href":"https:\/\/opusvocale.de\/index.php?rest_route=\/wp\/v2\/posts\/1049\/revisions\/1164"}],"wp:featuredmedia":[{"embeddable":true,"href":"https:\/\/opusvocale.de\/index.php?rest_route=\/wp\/v2\/media\/1050"}],"wp:attachment":[{"href":"https:\/\/opusvocale.de\/index.php?rest_route=%2Fwp%2Fv2%2Fmedia&parent=1049"}],"wp:term":[{"taxonomy":"category","embeddable":true,"href":"https:\/\/opusvocale.de\/index.php?rest_route=%2Fwp%2Fv2%2Fcategories&post=1049"},{"taxonomy":"post_tag","embeddable":true,"href":"https:\/\/opusvocale.de\/index.php?rest_route=%2Fwp%2Fv2%2Ftags&post=1049"}],"curies":[{"name":"wp","href":"https:\/\/api.w.org\/{rel}","templated":true}]}}