{"id":1076,"date":"2018-11-26T17:38:36","date_gmt":"2018-11-26T16:38:36","guid":{"rendered":"https:\/\/opusvocale.de\/?p=1076"},"modified":"2019-11-27T12:43:10","modified_gmt":"2019-11-27T11:43:10","slug":"neujahrskonzert-2019","status":"publish","type":"post","link":"https:\/\/opusvocale.de\/?p=1076","title":{"rendered":"Neujahrskonzert 2019"},"content":{"rendered":"<p>5. Januar 2019 \u2022 20 Uhr \u2022 Sophienkirche<\/p>\n<hr>\n<h1>Johann Sebastian Bach:<br \/>\n<em>Singet dem Herrn ein neues Lied<\/em><\/h1>\n<h1>Arcangelo Corelli:<br \/>\n<em>Concerto Grosso op. 6 Nr. 8<\/em><\/h1>\n<h1>Georg Friedrich H\u00e4ndel:<br \/>\n<em>Dixit Dominus<\/em><\/h1>\n<p>&nbsp;<\/p>\n<p><strong>OPUS VOCALE<br \/>\nensemble callinus<\/strong><br \/>\n<strong>Volker Hedtfeld <\/strong><em>Dirigent<\/em><\/p>\n<p>\u00b7&nbsp;<a href=\"https:\/\/opusvocale.de\/wp-content\/uploads\/2018\/11\/DSF7329-Bearbeitet.jpg\">Konzertflyer<\/a><\/p>\n<p>\u00b7 Karten im Vorverkauf zu \u20ac 17,- (erm. 13,-) und an der Abendkasse zu \u20ac 20,- (erm. 15,-).<br \/>\nErm\u00e4\u00dfigungen gelten f\u00fcr Sch\u00fcler, Studierende, Sozialhilfeberechtigte und Schwerbehinderte. Kinder unter 13 Jahren haben freien Eintritt.<\/p>\n<p>\u00b7 <a href=\"https:\/\/www.eventim-light.com\/de\/a\/58304a4ce4b055995087867f\/e\/5bfc2b0442a8440001e044a0?lang=de\">online bestellen<\/a><br \/>\n\u00b7 per eMail bestellen unter <a href=\"mailto:reservierungen@opusvocale.de\">reservierungen@opusvocale.de<\/a><br \/>\n\u00b7 am Konzertabend an der Abendkasse<\/p>\n<p><a href=\"https:\/\/www.google.de\/maps\/place\/Sophienkirche\/@52.5253894,13.3972515,15.72z\/data=!4m2!3m1!1s0x0:0x7d26dbd6d710e564\" target=\"_blank\" rel=\"noopener noreferrer\">Sophienkirche<\/a> \u2022&nbsp;Gro\u00dfe Hamburger Stra\u00dfe 31, 10115 Berlin<\/p>\n<p>&nbsp;<\/p>\n<h6><\/h6>\n","protected":false},"excerpt":{"rendered":"<p>5. Januar 2019 \u2022 20 Uhr \u2022 Sophienkirche Johann Sebastian Bach: Singet dem Herrn ein neues Lied Arcangelo Corelli: Concerto Grosso op. 6 Nr. 8 Georg Friedrich H\u00e4ndel: Dixit Dominus &nbsp; OPUS VOCALE ensemble callinus Volker Hedtfeld Dirigent \u00b7&nbsp;Konzertflyer \u00b7 Karten im Vorverkauf zu \u20ac 17,- (erm. 13,-) und an der Abendkasse zu \u20ac 20,- [&hellip;]<\/p>\n","protected":false},"author":1,"featured_media":1077,"comment_status":"closed","ping_status":"closed","sticky":false,"template":"","format":"standard","meta":{"footnotes":""},"categories":[39,4],"tags":[5,62,61],"class_list":["post-1076","post","type-post","status-publish","format-standard","has-post-thumbnail","hentry","category-konzertarchiv","category-konzert","tag-bach","tag-corelli","tag-haendel"],"_links":{"self":[{"href":"https:\/\/opusvocale.de\/index.php?rest_route=\/wp\/v2\/posts\/1076","targetHints":{"allow":["GET"]}}],"collection":[{"href":"https:\/\/opusvocale.de\/index.php?rest_route=\/wp\/v2\/posts"}],"about":[{"href":"https:\/\/opusvocale.de\/index.php?rest_route=\/wp\/v2\/types\/post"}],"author":[{"embeddable":true,"href":"https:\/\/opusvocale.de\/index.php?rest_route=\/wp\/v2\/users\/1"}],"replies":[{"embeddable":true,"href":"https:\/\/opusvocale.de\/index.php?rest_route=%2Fwp%2Fv2%2Fcomments&post=1076"}],"version-history":[{"count":7,"href":"https:\/\/opusvocale.de\/index.php?rest_route=\/wp\/v2\/posts\/1076\/revisions"}],"predecessor-version":[{"id":1110,"href":"https:\/\/opusvocale.de\/index.php?rest_route=\/wp\/v2\/posts\/1076\/revisions\/1110"}],"wp:featuredmedia":[{"embeddable":true,"href":"https:\/\/opusvocale.de\/index.php?rest_route=\/wp\/v2\/media\/1077"}],"wp:attachment":[{"href":"https:\/\/opusvocale.de\/index.php?rest_route=%2Fwp%2Fv2%2Fmedia&parent=1076"}],"wp:term":[{"taxonomy":"category","embeddable":true,"href":"https:\/\/opusvocale.de\/index.php?rest_route=%2Fwp%2Fv2%2Fcategories&post=1076"},{"taxonomy":"post_tag","embeddable":true,"href":"https:\/\/opusvocale.de\/index.php?rest_route=%2Fwp%2Fv2%2Ftags&post=1076"}],"curies":[{"name":"wp","href":"https:\/\/api.w.org\/{rel}","templated":true}]}}