{"id":1320,"date":"2023-11-18T17:16:40","date_gmt":"2023-11-18T16:16:40","guid":{"rendered":"https:\/\/opusvocale.de\/?p=1320"},"modified":"2025-12-03T09:54:34","modified_gmt":"2025-12-03T08:54:34","slug":"neujahrskonzert-2","status":"publish","type":"post","link":"https:\/\/opusvocale.de\/?p=1320","title":{"rendered":"Neujahrskonzert 2024"},"content":{"rendered":"<p><!--StartFragment--><\/p>\n\n\n<p class=\"has-text-align-center\"><strong>Samstag 6. Januar 2024, 19:00 Uhr, Sophienkirche (Mitte)<\/strong><\/p>\n\n\n\n<hr class=\"wp-block-separator\"\/>\n\n\n\n<h3 class=\"wp-block-heading\"><em>Georg Friedrich H\u00e4ndel<\/em><br>Israel in Egypt<\/h3>\n\n\n\n<hr class=\"wp-block-separator\"\/>\n\n\n\n<p><strong>OPUS VOCALE<\/strong><br><a href=\"https:\/\/weltkonzerte.com\/ensemble-polisono\/\">ensemble polisono berlin<\/a><\/p>\n\n\n\n<p><a href=\"https:\/\/www.barbaraberg.de\/vita\/\">Barbara Berg<\/a> <em>Sopran<br><\/em><strong>Anneka Ulmer<\/strong> <em>Alt<br><\/em><strong>Nico Eckert<\/strong> <em>Tenor<\/em><br><strong><a href=\"https:\/\/www.volkerhedtfeld.de\/\" data-type=\"URL\" data-id=\"https:\/\/www.volkerhedtfeld.de\/\">Volker Hedtfeld<\/a><\/strong> <em>Dirigent<\/em><\/p>\n\n\n\n<hr class=\"wp-block-separator is-style-default\"\/>\n\n\n<p><a href=\"https:\/\/opusvocale.de\/wp-content\/uploads\/2023\/12\/OpusVocale_Neujahrskonzert_Flyer_WEB.pdf\">Konzertflyer<\/a><\/p>\n<p>Karten im <em>Vorverkauf <\/em>zu 25,- (*erm. 20,-) Euro zzgl. VVK-Geb\u00fchr.<br \/>Samstag 6. Januar \u2022 <a href=\"https:\/\/gemeinde-am-weinberg.de\/veranstaltungsort\/sophienkirche\/\">Sophienkirche <\/a>\u2022 <span class=\"JtukPc\">Gro\u00dfe Hamburger Str. 29-30, 10115 Berlin<br \/>\u2192 zur <a href=\"https:\/\/www.eventim-light.com\/de\/a\/5d7a004c6d4a3c0001b08769\/e\/65536a40a308606942fbd378\" target=\"_blank\" rel=\"noopener\">Online-Bestellung<\/a><br \/><\/span><\/p>\n<p>Karten an der <em>Abendkasse <\/em>zu 27,- (*erm. 22,-) Euro,<\/p>\n<p>Freie Platzwahl<\/p>\n<p>*Erm\u00e4\u00dfigung f\u00fcr Sch\u00fclerinnen, Studentinnen und B\u00fcrgergeld-Empf\u00e4ngerinnen, Kinder unter 14 Jahren haben freien Eintritt.<\/p>\n\n\n<!--more-->\n\n\n\n<p><em>Israel in Egypt <\/em>ist eines der bekanntesten Oratorien Georg Friedrich H\u00e4ndels, der das gro\u00df angelegte Chororatorium 1738 in London komponierte. Das Jahr, in dem er mit <em>Saul <\/em>und eben auch <em>Israel in Egypt<\/em> seine ersten englischen Oratorien schuf, markiert einen H\u00f6hepunkt von H\u00e4ndels Ansehen und Schaffenskraft.<\/p>\n\n\n\n<p><em>Israel in Egypt <\/em>erz\u00e4hlt vom Auszug der Israeliten aus \u00c4gypten, genauer: aus der \u00e4gyptischen Sklaverei. Weil es hier also um die Geschichte eines Volkes und nicht um die eines Individuums geht, stehen die Ch\u00f6re (und zahlreichen Doppelch\u00f6re) musikalisch im Mittelpunkt. Im Gegensatz zu fr\u00fcheren Oratorien, die expressive Gef\u00fchls\u00e4u\u00dferungen eher den Solisten \u00fcbertrugen, steht hier der Chor als Volk im Zentrum und \u00fcbermittelt seine extremen Erfahrungen. Dabei sch\u00f6pft H\u00e4ndel die lautmalerischen M\u00f6glichkeiten der Musik in revolution\u00e4rer Weise aus und macht die biblischen Plagen erfahrbar: das Sirren der Heuschrecken, das Prasseln des Hagelsturms, den Einfall von M\u00fccken und Fr\u00f6schen. Es sind Bilder verheerender Naturkatastrophen und Gewalt, aber auch Szenen ergreifender Trauer und tiefen Glaubens. Ein klangm\u00e4chtiges Werk voller Kontraste und Spannungen, das einen der wichtigsten Gr\u00fcndungsmythen des israelischen Volkes erz\u00e4hlt.<\/p>\n","protected":false},"excerpt":{"rendered":"<p>Samstag 6. Januar 2024, 19:00 Uhr, Sophienkirche (Mitte) Georg Friedrich H\u00e4ndelIsrael in Egypt OPUS VOCALEensemble polisono berlin Barbara Berg SopranAnneka Ulmer AltNico Eckert TenorVolker Hedtfeld Dirigent Konzertflyer Karten im Vorverkauf zu 25,- (*erm. 20,-) Euro zzgl. VVK-Geb\u00fchr.Samstag 6. Januar \u2022 Sophienkirche \u2022 Gro\u00dfe Hamburger Str. 29-30, 10115 Berlin\u2192 zur Online-Bestellung Karten an der Abendkasse zu [&hellip;]<\/p>\n","protected":false},"author":1,"featured_media":1335,"comment_status":"closed","ping_status":"closed","sticky":false,"template":"","format":"standard","meta":{"footnotes":""},"categories":[39,4],"tags":[61,19],"class_list":["post-1320","post","type-post","status-publish","format-standard","has-post-thumbnail","hentry","category-konzertarchiv","category-konzert","tag-haendel","tag-konzert"],"_links":{"self":[{"href":"https:\/\/opusvocale.de\/index.php?rest_route=\/wp\/v2\/posts\/1320","targetHints":{"allow":["GET"]}}],"collection":[{"href":"https:\/\/opusvocale.de\/index.php?rest_route=\/wp\/v2\/posts"}],"about":[{"href":"https:\/\/opusvocale.de\/index.php?rest_route=\/wp\/v2\/types\/post"}],"author":[{"embeddable":true,"href":"https:\/\/opusvocale.de\/index.php?rest_route=\/wp\/v2\/users\/1"}],"replies":[{"embeddable":true,"href":"https:\/\/opusvocale.de\/index.php?rest_route=%2Fwp%2Fv2%2Fcomments&post=1320"}],"version-history":[{"count":11,"href":"https:\/\/opusvocale.de\/index.php?rest_route=\/wp\/v2\/posts\/1320\/revisions"}],"predecessor-version":[{"id":1426,"href":"https:\/\/opusvocale.de\/index.php?rest_route=\/wp\/v2\/posts\/1320\/revisions\/1426"}],"wp:featuredmedia":[{"embeddable":true,"href":"https:\/\/opusvocale.de\/index.php?rest_route=\/wp\/v2\/media\/1335"}],"wp:attachment":[{"href":"https:\/\/opusvocale.de\/index.php?rest_route=%2Fwp%2Fv2%2Fmedia&parent=1320"}],"wp:term":[{"taxonomy":"category","embeddable":true,"href":"https:\/\/opusvocale.de\/index.php?rest_route=%2Fwp%2Fv2%2Fcategories&post=1320"},{"taxonomy":"post_tag","embeddable":true,"href":"https:\/\/opusvocale.de\/index.php?rest_route=%2Fwp%2Fv2%2Ftags&post=1320"}],"curies":[{"name":"wp","href":"https:\/\/api.w.org\/{rel}","templated":true}]}}