{"id":1379,"date":"2024-11-16T18:13:08","date_gmt":"2024-11-16T17:13:08","guid":{"rendered":"https:\/\/opusvocale.de\/?p=1379"},"modified":"2025-12-03T09:54:20","modified_gmt":"2025-12-03T08:54:20","slug":"neujahrskonzert-3","status":"publish","type":"post","link":"https:\/\/opusvocale.de\/?p=1379","title":{"rendered":"Neujahrskonzert 2025"},"content":{"rendered":"\n<p class=\"has-text-align-center\"><strong><mark style=\"background-color:rgba(0, 0, 0, 0)\" class=\"has-inline-color has-vivid-red-color\">Achtung: Neuer Ort und ge\u00e4nderte Anfangszeit!<\/mark><\/strong><\/p>\n\n\n<p><!--StartFragment--><\/p>\n\n\n<p class=\"has-text-align-center\"><strong>Samstag 11. Januar 2025, 20:00 Uhr, Heilige-Geist-Kiche (Moabit)<\/strong><\/p>\n\n\n\n<hr class=\"wp-block-separator has-css-opacity\"\/>\n\n\n\n<h2 class=\"wp-block-heading\">Trotz dem alten Drachen<\/h2>\n\n\n\n<h3 class=\"wp-block-heading\"><br>J.S. Bach <strong><em>Jesu, meine Freude<\/em><\/strong><br>J.S. Bach <strong><em>Komm, Jesu, komm<\/em><\/strong><br>Johannes Brahms <strong><em>Warum ist das Licht gegeben dem M\u00fchseligen<\/em><\/strong><br>Felix Mendelssohn Bartholdy <strong><em>Warum toben die Heiden<\/em><\/strong><br>Aaron Dan <strong><em>Lux aeterna<\/em><\/strong><\/h3>\n\n\n\n<hr class=\"wp-block-separator has-css-opacity\"\/>\n\n\n\n<p><strong>OPUS VOCALE<\/strong><br><a href=\"https:\/\/weltkonzerte.com\/ensemble-polisono\/\">ensemble polisono berlin<\/a><br><br><strong><a href=\"https:\/\/www.volkerhedtfeld.de\/\" data-type=\"URL\" data-id=\"https:\/\/www.volkerhedtfeld.de\/\">Volker Hedtfeld<\/a><\/strong> <em>Dirigent<\/em><\/p>\n\n\n\n<hr class=\"wp-block-separator has-css-opacity is-style-default\"\/>\n\n\n<p><a href=\"https:\/\/opusvocale.de\/wp-content\/uploads\/2024\/12\/Neujahrskonzert2024__HeiligeGeistKirche-NEU.pdf\" target=\"_blank\" rel=\"noopener\">Konzertflyer<\/a><\/p>\n<p>Samstag 11. Januar \u2022 <a href=\"https:\/\/www.heilige-geist-gemeinde.de\/kirche\/gebaeude\/\">Heilige-Geist-Kirche <\/a>\u2022 <span class=\"JtukPc\">Perleberger Str. 36, 10559 Berlin<\/span><\/p>\n<p>Karten im <em>Vorverkauf <\/em>zu 25,- (*erm. 20,-) Euro zzgl. VVK-Geb\u00fchr.<span class=\"JtukPc\"><br \/>\u2192 zur <a href=\"https:\/\/www.eventim-light.com\/de\/a\/5d7a004c6d4a3c0001b08769\" target=\"_blank\" rel=\"noopener\">Online-Bestellung<\/a><br \/><\/span><\/p>\n<p>Karten an der <em>Abendkasse <\/em>zu 30,- (*erm. 25,-) Euro,<\/p>\n<p>Freie Platzwahl<\/p>\n<p>*Erm\u00e4\u00dfigung f\u00fcr Sch\u00fclerinnen, Studentinnen und B\u00fcrgergeld-Empf\u00e4ngerinnen, Kinder bis 14 Jahre haben freien Eintritt.<\/p>\n\n\n<!--more-->\n\n\n\n<p>Der Kammerchor OPUS VOCALE l\u00e4dt gemeinsam mit Solist:innen des Kammerorchesters ensemble polisono&nbsp;zum traditionellen Neujahrskonzert in die Sophienkirche nach Berlin-Mitte ein.<\/p>\n\n\n\n<p>Mit <em>Komm, Jesu, komm! <\/em>und <em>Jesu, meine Freude <\/em>stehen zwei bekannte Motetten von Johann Sebastian Bach im Zentrum. 2025 j\u00e4hrt sich Bachs Geburtstag zum 340. Mal \u2013 f\u00fcr uns Anlass genug, ihn zu feiern! Und mit der gro\u00dfartigen Psalm-Vertonung <em>Warum toben die Heiden <\/em>von Felix Mendelssohn Bartholdy und Johannes Brahms\u2019 ber\u00fchmter Motette <em>Warum ist das Licht gegeben dem M\u00fchseligen <\/em>gratulieren ihm auch zwei bekennende \u201eBachianer\u201c des 19. Jahrhunderts. Ins Licht weist uns auch eine spannende Urauff\u00fchrung: Aaron Dans Kompositon <em>Lux aeterna<\/em> f\u00fcr Streichquintett, Fl\u00f6te und Chor.<\/p>\n\n\n\n<p>Wir haben dieses Neujahrskonzert unter das Motto \u201eTrotz dem alten Drachen\u201c gestellt, die bekannte Zeile aus <em>Jesu, meine Freude<\/em>. Krieg und Gewalt, Terror und Pogrome, \u00e4u\u00dfere und innere Not oder auch bestimmte politische Akteure \u2013 es bleibt jedem selbst \u00fcberlassen, wen oder was er mit dem \u201ealten Drachen\u201c verbindet.<\/p>\n\n\n\n<p>Wir lassen uns trotz allem nicht beirren, setzen weiter auf die verbindende Kraft der Musik und respektvollen Kommunikation und m\u00f6chten unser Publikum wieder mit der Hoffnung auf Licht und Frieden ins neue Jahr begleiten.<\/p>\n\n\n\n<p>\u201eTobe, Welt, und springe,<br>Ich steh hier und singe<br>in gar sichrer Ruh.\u201c<\/p>\n","protected":false},"excerpt":{"rendered":"<p>Achtung: Neuer Ort und ge\u00e4nderte Anfangszeit! Samstag 11. Januar 2025, 20:00 Uhr, Heilige-Geist-Kiche (Moabit) Trotz dem alten Drachen J.S. Bach Jesu, meine FreudeJ.S. Bach Komm, Jesu, kommJohannes Brahms Warum ist das Licht gegeben dem M\u00fchseligenFelix Mendelssohn Bartholdy Warum toben die HeidenAaron Dan Lux aeterna OPUS VOCALEensemble polisono berlin Volker Hedtfeld Dirigent Konzertflyer Samstag 11. Januar [&hellip;]<\/p>\n","protected":false},"author":1,"featured_media":1389,"comment_status":"closed","ping_status":"closed","sticky":false,"template":"","format":"standard","meta":{"footnotes":""},"categories":[39,4],"tags":[85,5,12,67,19,58,84,80],"class_list":["post-1379","post","type-post","status-publish","format-standard","has-post-thumbnail","hentry","category-konzertarchiv","category-konzert","tag-85","tag-bach","tag-brahms","tag-dan","tag-konzert","tag-mendelssohn","tag-neujahr","tag-urauffuehrung"],"_links":{"self":[{"href":"https:\/\/opusvocale.de\/index.php?rest_route=\/wp\/v2\/posts\/1379","targetHints":{"allow":["GET"]}}],"collection":[{"href":"https:\/\/opusvocale.de\/index.php?rest_route=\/wp\/v2\/posts"}],"about":[{"href":"https:\/\/opusvocale.de\/index.php?rest_route=\/wp\/v2\/types\/post"}],"author":[{"embeddable":true,"href":"https:\/\/opusvocale.de\/index.php?rest_route=\/wp\/v2\/users\/1"}],"replies":[{"embeddable":true,"href":"https:\/\/opusvocale.de\/index.php?rest_route=%2Fwp%2Fv2%2Fcomments&post=1379"}],"version-history":[{"count":9,"href":"https:\/\/opusvocale.de\/index.php?rest_route=\/wp\/v2\/posts\/1379\/revisions"}],"predecessor-version":[{"id":1425,"href":"https:\/\/opusvocale.de\/index.php?rest_route=\/wp\/v2\/posts\/1379\/revisions\/1425"}],"wp:featuredmedia":[{"embeddable":true,"href":"https:\/\/opusvocale.de\/index.php?rest_route=\/wp\/v2\/media\/1389"}],"wp:attachment":[{"href":"https:\/\/opusvocale.de\/index.php?rest_route=%2Fwp%2Fv2%2Fmedia&parent=1379"}],"wp:term":[{"taxonomy":"category","embeddable":true,"href":"https:\/\/opusvocale.de\/index.php?rest_route=%2Fwp%2Fv2%2Fcategories&post=1379"},{"taxonomy":"post_tag","embeddable":true,"href":"https:\/\/opusvocale.de\/index.php?rest_route=%2Fwp%2Fv2%2Ftags&post=1379"}],"curies":[{"name":"wp","href":"https:\/\/api.w.org\/{rel}","templated":true}]}}