{"id":244,"date":"2016-11-11T13:00:49","date_gmt":"2016-11-11T12:00:49","guid":{"rendered":"http:\/\/opusvocale.de\/?p=244"},"modified":"2017-03-18T13:43:25","modified_gmt":"2017-03-18T12:43:25","slug":"cd-release-konzerte","status":"publish","type":"post","link":"https:\/\/opusvocale.de\/?p=244","title":{"rendered":"Reger und seine Zeit &#8211; CD Release Konzerte"},"content":{"rendered":"<p>26. November 2016 \u2022 20 Uhr \u2022 Sophienkirche<br \/>\n27. November 2016 \u2022 19 Uhr \u2022 KulturRaum Zwingli-Kirche<\/p>\n<hr \/>\n<p>In Regers Musik trifft Sp\u00e4tromantik auf Moderne, klangliche Opulenz auf kammermusikalische Pr\u00e4zision. Sein Einfluss auf die Wiener Schule um Arnold Sch\u00f6nberg, der die harmonischen Grenzen sprengte, ist nicht zu untersch\u00e4tzen. Ein paar dieser musikalischen Verbindungslinien sollen in diesem Konzert erfahrbar werden \u2013 und den H\u00f6rer vom <i>Morgengesang<\/i> bis zum <i>Nachtlied<\/i> durch das ganze Kirchenjahr f\u00fchren.<\/p>\n<p>OPUS VOCALE pr\u00e4sentiert die neue CD-Aufnahme live. Karten f\u00fcr beide Konzerte erhalten Sie jeweils an der Abendkasse.<\/p>\n<p>Anton Bruckner<br \/>\nJohannes Brahms<br \/>\nMax Reger<br \/>\nArnold Sch\u00f6nberg<\/p>\n<p>Leitung: Volker Hedtfeld<em><br \/>\n<\/em><\/p>\n<p><a href=\"https:\/\/de.wikipedia.org\/wiki\/Sophienkirche_(Berlin)\" target=\"_blank\">Sophienkirche<\/a> \u2022 <span class=\"_Xbe\">Gro\u00dfe Hamburger Stra\u00dfe 29-30, 10115 Berlin<\/span><br \/>\nKulturRaum Zwingli-Kirche \u2022 Rudolfstra\u00dfe 14, 10245 Berlin \u2022 Eingang: Hauptportal Danneckerstra\u00dfe \u2022 <a href=\"http:\/\/kulturraum-zwinglikirche.de\/\" target=\"_blank\">www.kulturraum-zwinglikirche.de<\/a><\/p>\n<p><a href=\"https:\/\/opusvocale.de\/wp-content\/uploads\/2016\/11\/RegerFlyer.pdf\" rel=\"\">&gt;&gt; Konzertflyer<\/a><\/p>\n","protected":false},"excerpt":{"rendered":"<p>26. November 2016 \u2022 20 Uhr \u2022 Sophienkirche 27. November 2016 \u2022 19 Uhr \u2022 KulturRaum Zwingli-Kirche In Regers Musik trifft Sp\u00e4tromantik auf Moderne, klangliche Opulenz auf kammermusikalische Pr\u00e4zision. Sein Einfluss auf die Wiener Schule um Arnold Sch\u00f6nberg, der die harmonischen Grenzen sprengte, ist nicht zu untersch\u00e4tzen. Ein paar dieser musikalischen Verbindungslinien sollen in diesem [&hellip;]<\/p>\n","protected":false},"author":1,"featured_media":217,"comment_status":"closed","ping_status":"closed","sticky":false,"template":"","format":"standard","meta":{"footnotes":""},"categories":[39],"tags":[38,12,18,10,19,9,17],"class_list":["post-244","post","type-post","status-publish","format-standard","has-post-thumbnail","hentry","category-konzertarchiv","tag-archiv","tag-brahms","tag-bruckner","tag-cd","tag-konzert","tag-reger","tag-schoenberg"],"_links":{"self":[{"href":"https:\/\/opusvocale.de\/index.php?rest_route=\/wp\/v2\/posts\/244","targetHints":{"allow":["GET"]}}],"collection":[{"href":"https:\/\/opusvocale.de\/index.php?rest_route=\/wp\/v2\/posts"}],"about":[{"href":"https:\/\/opusvocale.de\/index.php?rest_route=\/wp\/v2\/types\/post"}],"author":[{"embeddable":true,"href":"https:\/\/opusvocale.de\/index.php?rest_route=\/wp\/v2\/users\/1"}],"replies":[{"embeddable":true,"href":"https:\/\/opusvocale.de\/index.php?rest_route=%2Fwp%2Fv2%2Fcomments&post=244"}],"version-history":[{"count":14,"href":"https:\/\/opusvocale.de\/index.php?rest_route=\/wp\/v2\/posts\/244\/revisions"}],"predecessor-version":[{"id":767,"href":"https:\/\/opusvocale.de\/index.php?rest_route=\/wp\/v2\/posts\/244\/revisions\/767"}],"wp:featuredmedia":[{"embeddable":true,"href":"https:\/\/opusvocale.de\/index.php?rest_route=\/wp\/v2\/media\/217"}],"wp:attachment":[{"href":"https:\/\/opusvocale.de\/index.php?rest_route=%2Fwp%2Fv2%2Fmedia&parent=244"}],"wp:term":[{"taxonomy":"category","embeddable":true,"href":"https:\/\/opusvocale.de\/index.php?rest_route=%2Fwp%2Fv2%2Fcategories&post=244"},{"taxonomy":"post_tag","embeddable":true,"href":"https:\/\/opusvocale.de\/index.php?rest_route=%2Fwp%2Fv2%2Ftags&post=244"}],"curies":[{"name":"wp","href":"https:\/\/api.w.org\/{rel}","templated":true}]}}