{"id":982,"date":"2018-02-12T15:35:09","date_gmt":"2018-02-12T14:35:09","guid":{"rendered":"https:\/\/opusvocale.de\/?p=982"},"modified":"2020-01-05T22:41:54","modified_gmt":"2020-01-05T21:41:54","slug":"johannes-passion","status":"publish","type":"post","link":"https:\/\/opusvocale.de\/?p=982","title":{"rendered":"Johannes-Passion"},"content":{"rendered":"<p>24. M\u00e4rz 2018 \u2022 20 Uhr \u2022 Sophienkirche<\/p>\n<hr \/>\n<h1>Johann Sebastian Bach:<br \/>\n<em>Johannes-Passion, BWV 245<br \/>\n<\/em><\/h1>\n<p>&nbsp;<\/p>\n<p><strong>OPUS VOCALE<br \/>\nensemble callinus<\/strong><\/p>\n<p><strong>Solisten der Hochschule f\u00fcr Musik &#8222;Hanns Eisler&#8220;<\/strong><br \/>\n<strong>Jan Kobow<\/strong><br \/>\n<strong>Volker Hedtfeld <\/strong><em>Dirigent<\/em><\/p>\n<p>\u00b7 <a href=\"https:\/\/opusvocale.de\/wp-content\/uploads\/2018\/02\/OV18_JohannesPassionFlyer.pdf\">Konzertflyer<\/a><\/p>\n<p><!--more--><\/p>\n<p>Karten: im VVK 20,- (erm.* 15,-) Euro<br \/>\nan der AK 24,- (erm.* 16,-) Euro<\/p>\n<p>\u00b7 <a href=\"https:\/\/www.eventim-light.com\/de\/shop\/58304a4ce4b055995087867f\/de\/event\/5a8082c48a441e04c3bc2820\/\" target=\"_blank\" rel=\"noopener noreferrer\">online kaufen<\/a><br \/>\n\u00b7 per eMail bestellen unter <a href=\"mailto:reservierungen@opusvocale.de\">reservierungen@opusvocale.de<\/a><br \/>\n\u00b7 am Konzertabend an der Abendkasse<\/p>\n<p><a href=\"https:\/\/www.google.de\/maps\/place\/Sophienkirche\/@52.5253894,13.3972515,15.72z\/data=!4m2!3m1!1s0x0:0x7d26dbd6d710e564\" target=\"_blank\" rel=\"noopener noreferrer\">Sophienkirche<\/a> \u2022\u00a0Gro\u00dfe Hamburger Stra\u00dfe 31, 10115 Berlin<\/p>\n<p>&nbsp;<\/p>\n<p><em>* Erm\u00e4\u00dfigte Preise gelten f\u00fcr Sch\u00fcler, Studierende, Arbeitslose und Schwerbehinderte,<\/em><br \/>\n<em>Kinder unter 13 Jahren haben\u00a0 freien Eintritt<\/em><\/p>\n","protected":false},"excerpt":{"rendered":"<p>24. M\u00e4rz 2018 \u2022 20 Uhr \u2022 Sophienkirche Johann Sebastian Bach: Johannes-Passion, BWV 245 &nbsp; OPUS VOCALE ensemble callinus Solisten der Hochschule f\u00fcr Musik &#8222;Hanns Eisler&#8220; Jan Kobow Volker Hedtfeld Dirigent \u00b7 Konzertflyer<\/p>\n","protected":false},"author":1,"featured_media":983,"comment_status":"closed","ping_status":"closed","sticky":false,"template":"","format":"standard","meta":{"footnotes":""},"categories":[39],"tags":[],"class_list":["post-982","post","type-post","status-publish","format-standard","has-post-thumbnail","hentry","category-konzertarchiv"],"_links":{"self":[{"href":"https:\/\/opusvocale.de\/index.php?rest_route=\/wp\/v2\/posts\/982","targetHints":{"allow":["GET"]}}],"collection":[{"href":"https:\/\/opusvocale.de\/index.php?rest_route=\/wp\/v2\/posts"}],"about":[{"href":"https:\/\/opusvocale.de\/index.php?rest_route=\/wp\/v2\/types\/post"}],"author":[{"embeddable":true,"href":"https:\/\/opusvocale.de\/index.php?rest_route=\/wp\/v2\/users\/1"}],"replies":[{"embeddable":true,"href":"https:\/\/opusvocale.de\/index.php?rest_route=%2Fwp%2Fv2%2Fcomments&post=982"}],"version-history":[{"count":4,"href":"https:\/\/opusvocale.de\/index.php?rest_route=\/wp\/v2\/posts\/982\/revisions"}],"predecessor-version":[{"id":1149,"href":"https:\/\/opusvocale.de\/index.php?rest_route=\/wp\/v2\/posts\/982\/revisions\/1149"}],"wp:featuredmedia":[{"embeddable":true,"href":"https:\/\/opusvocale.de\/index.php?rest_route=\/wp\/v2\/media\/983"}],"wp:attachment":[{"href":"https:\/\/opusvocale.de\/index.php?rest_route=%2Fwp%2Fv2%2Fmedia&parent=982"}],"wp:term":[{"taxonomy":"category","embeddable":true,"href":"https:\/\/opusvocale.de\/index.php?rest_route=%2Fwp%2Fv2%2Fcategories&post=982"},{"taxonomy":"post_tag","embeddable":true,"href":"https:\/\/opusvocale.de\/index.php?rest_route=%2Fwp%2Fv2%2Ftags&post=982"}],"curies":[{"name":"wp","href":"https:\/\/api.w.org\/{rel}","templated":true}]}}